{"id":4013,"date":"2026-09-03T14:36:14","date_gmt":"2026-09-03T12:36:14","guid":{"rendered":"https:\/\/huddinge.seniornet.se\/?p=4013"},"modified":"2026-09-03T14:36:16","modified_gmt":"2026-09-03T12:36:16","slug":"valkommen-till-var-gemenskap-oppet-hus-i-huvudbiblioteket-torsdagen-den-10-september-2026-kl-13-00","status":"publish","type":"post","link":"https:\/\/huddinge.seniornet.se\/?p=4013","title":{"rendered":"V\u00e4lkommen till v\u00e5r gemenskap, \u00d6ppet hus i huvudbiblioteket, torsdagen den 10 september 2026 kl.13.00."},"content":{"rendered":"\n<p class=\"wp-block-paragraph\">Tema: L\u00f6sa problem med hj\u00e4lp av AI<\/p>\n\n\n\n<p class=\"wp-block-paragraph\">Vi har tagit fasta p\u00e5 nya forsningsr\u00f6n som betonar hur viktigt det \u00e4r att vi anv\u00e4nder v\u00e5ra hj\u00e4rnor och l\u00e4r oss nya tankem\u00f6nster f\u00f6r att skuta upp hj\u00e4rnans \u00e5ldrande.<\/p>\n\n\n\n<p class=\"wp-block-paragraph\">D\u00e4rf\u00f6r kommer vi att pr\u00f6va n\u00e5got helt nytt denna h\u00f6st som vi inte har gjort tidigare.<\/p>\n\n\n\n<p class=\"wp-block-paragraph\">Vi ska anv\u00e4nda ny teknik dvs AI att l\u00f6sa olika typer av problem som vi kan ha nytta av i vardagen och annat intressant.<\/p>\n\n\n\n<p class=\"wp-block-paragraph\">Vi kommer att vara indelade i olika grupper och tillsammans f\u00f6rs\u00f6ka komma fram till l\u00f6sningar p\u00e5 problem som v\u00e5r ordf\u00f6rande Sven har sammanst\u00e4llt.<\/p>\n\n\n\n<p class=\"wp-block-paragraph\">Vi kommer kontinuerligt g\u00f6ra utv\u00e4rderingar och \u00f6ppna f\u00f6r alla synpunkter.<\/p>\n\n\n\n<p class=\"wp-block-paragraph\">Det finns hiss mellan v\u00e5ningarna.<\/p>\n\n\n\n<p class=\"wp-block-paragraph\">Vi har en enkel servering med kaffe och kaka till ett sj\u00e4lvkostnadspris p\u00e5 20 kr.<\/p>\n\n\n\n<p class=\"wp-block-paragraph\">V\u00e4lkomna<br>\/\/ Styrelsen<\/p>\n","protected":false},"excerpt":{"rendered":"<p>Tema: L\u00f6sa problem med hj\u00e4lp av AI Vi har tagit fasta p\u00e5 nya forsningsr\u00f6n som betonar hur viktigt det \u00e4r att vi anv\u00e4nder v\u00e5ra hj\u00e4rnor och l\u00e4r oss nya tankem\u00f6nster f\u00f6r att skuta upp &hellip;<\/p>\n<p class=\"read-more\"> <a class=\"more-link\" href=\"https:\/\/huddinge.seniornet.se\/?p=4013\"> <span class=\"screen-reader-text\">V\u00e4lkommen till v\u00e5r gemenskap, \u00d6ppet hus i huvudbiblioteket, torsdagen den 10 september 2026 kl.13.00.<\/span> L\u00e4s mer \u2192<\/a><\/p>\n","protected":false},"author":32,"featured_media":4011,"comment_status":"open","ping_status":"open","sticky":false,"template":"","format":"standard","meta":{"_exactmetrics_skip_tracking":false,"footnotes":""},"categories":[1],"tags":[],"class_list":["post-4013","post","type-post","status-publish","format-standard","has-post-thumbnail","hentry","category-okategoriserade"],"_links":{"self":[{"href":"https:\/\/huddinge.seniornet.se\/index.php?rest_route=\/wp\/v2\/posts\/4013","targetHints":{"allow":["GET"]}}],"collection":[{"href":"https:\/\/huddinge.seniornet.se\/index.php?rest_route=\/wp\/v2\/posts"}],"about":[{"href":"https:\/\/huddinge.seniornet.se\/index.php?rest_route=\/wp\/v2\/types\/post"}],"author":[{"embeddable":true,"href":"https:\/\/huddinge.seniornet.se\/index.php?rest_route=\/wp\/v2\/users\/32"}],"replies":[{"embeddable":true,"href":"https:\/\/huddinge.seniornet.se\/index.php?rest_route=%2Fwp%2Fv2%2Fcomments&post=4013"}],"version-history":[{"count":1,"href":"https:\/\/huddinge.seniornet.se\/index.php?rest_route=\/wp\/v2\/posts\/4013\/revisions"}],"predecessor-version":[{"id":4014,"href":"https:\/\/huddinge.seniornet.se\/index.php?rest_route=\/wp\/v2\/posts\/4013\/revisions\/4014"}],"wp:featuredmedia":[{"embeddable":true,"href":"https:\/\/huddinge.seniornet.se\/index.php?rest_route=\/wp\/v2\/media\/4011"}],"wp:attachment":[{"href":"https:\/\/huddinge.seniornet.se\/index.php?rest_route=%2Fwp%2Fv2%2Fmedia&parent=4013"}],"wp:term":[{"taxonomy":"category","embeddable":true,"href":"https:\/\/huddinge.seniornet.se\/index.php?rest_route=%2Fwp%2Fv2%2Fcategories&post=4013"},{"taxonomy":"post_tag","embeddable":true,"href":"https:\/\/huddinge.seniornet.se\/index.php?rest_route=%2Fwp%2Fv2%2Ftags&post=4013"}],"curies":[{"name":"wp","href":"https:\/\/api.w.org\/{rel}","templated":true}]}}